{"id":1580,"date":"2024-01-09T20:02:49","date_gmt":"2024-01-09T19:02:49","guid":{"rendered":"http:\/\/aus-ape.cz\/?p=1580"},"modified":"2024-01-09T20:02:51","modified_gmt":"2024-01-09T19:02:51","slug":"lviii-congreso-internacional-de-la-aepe","status":"publish","type":"post","link":"https:\/\/aus-ape.cz\/es\/2024\/01\/09\/lviii-congreso-internacional-de-la-aepe\/","title":{"rendered":"LVIII CONGRESO INTERNACIONAL DE LA AEPE"},"content":{"rendered":"<p>&#8222;Lengua espa\u00f1ola, identidad ling\u00fc\u00edstica, interculturalidad y globalizaci\u00f3n&#8220;<\/p>\n\n\n\n<p>LUGAR: FACULTAD DE FILOLOG\u00cdA Y COMUNICACI\u00d3N<\/p>\n\n\n\n<p>(UNIVERSITAT DE BARCELONA)<\/p>\n\n\n\n<p>FECHA: DEL 16 AL 19 DE JULIO DE 2024<\/p>\n\n\n\n<p>MODALIDADES:&nbsp;<strong>PRESENCIAL<\/strong>&nbsp;Y&nbsp;<strong>EN L\u00cdNEA<\/strong><\/p>","protected":false},"excerpt":{"rendered":"<p>&#8222;Lengua espa\u00f1ola, identidad ling\u00fc\u00edstica, interculturalidad y globalizaci\u00f3n&#8220; LUGAR: FACULTAD DE FILOLOG\u00cdA Y COMUNICACI\u00d3N (UNIVERSITAT DE BARCELONA) FECHA: DEL 16 AL 19 DE JULIO DE 2024 MODALIDADES:&nbsp;PRESENCIAL&nbsp;Y&nbsp;EN L\u00cdNEA<\/p>","protected":false},"author":1,"featured_media":0,"comment_status":"open","ping_status":"open","sticky":false,"template":"","format":"standard","meta":[],"categories":[14],"tags":[],"_links":{"self":[{"href":"https:\/\/aus-ape.cz\/es\/wp-json\/wp\/v2\/posts\/1580"}],"collection":[{"href":"https:\/\/aus-ape.cz\/es\/wp-json\/wp\/v2\/posts"}],"about":[{"href":"https:\/\/aus-ape.cz\/es\/wp-json\/wp\/v2\/types\/post"}],"author":[{"embeddable":true,"href":"https:\/\/aus-ape.cz\/es\/wp-json\/wp\/v2\/users\/1"}],"replies":[{"embeddable":true,"href":"https:\/\/aus-ape.cz\/es\/wp-json\/wp\/v2\/comments?post=1580"}],"version-history":[{"count":1,"href":"https:\/\/aus-ape.cz\/es\/wp-json\/wp\/v2\/posts\/1580\/revisions"}],"predecessor-version":[{"id":1581,"href":"https:\/\/aus-ape.cz\/es\/wp-json\/wp\/v2\/posts\/1580\/revisions\/1581"}],"wp:attachment":[{"href":"https:\/\/aus-ape.cz\/es\/wp-json\/wp\/v2\/media?parent=1580"}],"wp:term":[{"taxonomy":"category","embeddable":true,"href":"https:\/\/aus-ape.cz\/es\/wp-json\/wp\/v2\/categories?post=1580"},{"taxonomy":"post_tag","embeddable":true,"href":"https:\/\/aus-ape.cz\/es\/wp-json\/wp\/v2\/tags?post=1580"}],"curies":[{"name":"wp","href":"https:\/\/api.w.org\/{rel}","templated":true}]}}